{"id":841,"date":"2017-05-29T14:14:46","date_gmt":"2017-05-29T12:14:46","guid":{"rendered":"http:\/\/www.fondazionekian.com\/?p=841"},"modified":"2017-05-29T14:18:01","modified_gmt":"2017-05-29T12:18:01","slug":"26-27-maggio-2017-l-unione-europea-al-vertice-del-g7-a-taormina","status":"publish","type":"post","link":"https:\/\/www.fondazionekian.com\/?p=841&lang=it","title":{"rendered":"26-27 Maggio 2017: l&#8217; Unione europea al vertice del G7 a Taormina"},"content":{"rendered":"<p>La 43esima edizione del G7 si terr\u00e0 dal 26 al 27 Maggio 2017 nella citt\u00e0 siciliana di Taormina (Italia), sotto la presidenza italiana.<\/p>\n<p>L&#8217; Unione europea, in qualit\u00e0 di membro del G7 (e del G20) sar\u00e0 rappresentata congiuntamente dal Presidente della Commissione europea e dal Presidente del Consiglio europeo.<\/p>\n<p>Secondo il motto &#8220;costruire le basi di una fiducia rinnovata&#8221;, la presidenza italiana si concentrer\u00e0 principalmente sul tema della sicurezza dei cittadini, sulla sostenibilit\u00e0 economica, ambientale e sociale e sulla riduzione delle disuguaglianze, le competenze in campo innovativo e sul lavoro nell&#8217; era della prossima rivoluzione produttiva.<\/p>\n<p>Il Vertice del G7 \u00e8 un importante forum con un ruolo chiave nella definizione delle risposte globali alle sfide globali, a completamento del coordinamento economico globale svolto dal G20.<\/p>\n<p>Lo scorso anno il vertice del G7 si \u00e8 svolto a Ise- Shima (Giappone) sotto la presidenza giapponese.<\/p>\n<p>Secondo la rotazione della presidenza del G7, i prossimi vertici si terranno in Canada (2018), Francia (2019) e negli Stati uniti (2020).<\/p>\n","protected":false},"excerpt":{"rendered":"<p>La 43esima edizione del G7 si terr\u00e0 dal 26 al 27 Maggio 2017 nella citt\u00e0 siciliana di Taormina (Italia), sotto la presidenza italiana. L&#8217; Unione europea, in qualit\u00e0 di membro del G7 (e del G20) sar\u00e0 rappresentata congiuntamente dal Presidente della Commissione europea e dal Presidente del Consiglio europeo. Secondo il motto &#8220;costruire le basi <a href=\"https:\/\/www.fondazionekian.com\/?p=841&#038;lang=it\" rel=\"nofollow\"><span class=\"sr-only\">Leggi di pi\u00f926-27 Maggio 2017: l&#8217; Unione europea al vertice del G7 a Taormina<\/span>[&hellip;]<\/a><\/p>\n","protected":false},"author":1,"featured_media":845,"comment_status":"open","ping_status":"open","sticky":false,"template":"","format":"standard","meta":{"jetpack_post_was_ever_published":false,"_jetpack_newsletter_access":"","_jetpack_dont_email_post_to_subs":false,"_jetpack_newsletter_tier_id":0,"_jetpack_memberships_contains_paywalled_content":false,"_jetpack_memberships_contains_paid_content":false,"footnotes":"","jetpack_publicize_message":"","jetpack_publicize_feature_enabled":true,"jetpack_social_post_already_shared":true,"jetpack_social_options":{"image_generator_settings":{"template":"highway","default_image_id":0,"font":"","enabled":false},"version":2}},"categories":[104],"tags":[712,710,708],"class_list":["post-841","post","type-post","status-publish","format-standard","has-post-thumbnail","hentry","category-daily-news-it","tag-taormina-it","tag-unione-europea","tag-vertice-g7"],"jetpack_publicize_connections":[],"jetpack_featured_media_url":"https:\/\/i0.wp.com\/www.fondazionekian.com\/wp-content\/uploads\/2017\/05\/image.jpg?fit=800%2C533&ssl=1","jetpack_sharing_enabled":true,"jetpack_shortlink":"https:\/\/wp.me\/p7Eon2-dz","jetpack-related-posts":[{"id":974,"url":"https:\/\/www.fondazionekian.com\/?p=974&lang=it","url_meta":{"origin":841,"position":0},"title":"Riunione dei membri del G7 sulle questioni ambientali","author":"kian_admin","date":"16\/06\/2017","format":false,"excerpt":"Comunicato stampa del commissario europeo per l'ambiente, gli affari marittimi e la pesca Come portavoce di tutti gli altri miei colleghi, vorrei ringraziare il ministro Galletti per la sua eccellente ospitalit\u00e0 e la sua sapiente presidenza, oltre ai cittadini di Bologna per il loro caloroso benvenuto. In Unione europea, riteniamo\u2026","rel":"","context":"In &quot;Notizie del giorno&quot;","block_context":{"text":"Notizie del giorno","link":"https:\/\/www.fondazionekian.com\/?cat=104&lang=it"},"img":{"alt_text":"","src":"https:\/\/i0.wp.com\/www.fondazionekian.com\/wp-content\/uploads\/2017\/06\/immagini.quotidiano.net_.jpg?fit=606%2C350&ssl=1&resize=350%2C200","width":350,"height":200,"srcset":"https:\/\/i0.wp.com\/www.fondazionekian.com\/wp-content\/uploads\/2017\/06\/immagini.quotidiano.net_.jpg?fit=606%2C350&ssl=1&resize=350%2C200 1x, https:\/\/i0.wp.com\/www.fondazionekian.com\/wp-content\/uploads\/2017\/06\/immagini.quotidiano.net_.jpg?fit=606%2C350&ssl=1&resize=525%2C300 1.5x"},"classes":[]},{"id":1031,"url":"https:\/\/www.fondazionekian.com\/?p=1031&lang=it","url_meta":{"origin":841,"position":1},"title":"Il Vertice del G20 ad Amburgo","author":"kian_admin","date":"07\/07\/2017","format":false,"excerpt":"Il vertice del G20, sotto la presidenza tedesca, si svolger\u00e0 ad Amburgo durante la giornata di oggi 7 luglio e domani sabato 8 luglio 2017. L' Unione europea, quale portavoce degli interessi degli Stati membri, verr\u00e0 rappresentata dal presidente della Commissione europea e dal presidente del Consiglio europeo ed i\u2026","rel":"","context":"In &quot;Notizie del giorno&quot;","block_context":{"text":"Notizie del giorno","link":"https:\/\/www.fondazionekian.com\/?cat=104&lang=it"},"img":{"alt_text":"","src":"","width":0,"height":0},"classes":[]},{"id":1048,"url":"https:\/\/www.fondazionekian.com\/?p=1048&lang=it","url_meta":{"origin":841,"position":2},"title":"Risultati positivi provenienti dal vertice Unione europea &#8211; Ucraina","author":"kian_admin","date":"14\/07\/2017","format":false,"excerpt":"Il XIX vertice tra l' Unione europea e l' Ucraina si \u00e8 tenuto a Kiev nel contesto della conclusione della ratifica dell' accordo di associazione tra l' Unione europea e l' Ucraina. Si \u00e8 svolto esattamente ad un mese e due giorni dalle storiche celebrazioni per l' esenzione dal visto\u2026","rel":"","context":"In &quot;Notizie del giorno&quot;","block_context":{"text":"Notizie del giorno","link":"https:\/\/www.fondazionekian.com\/?cat=104&lang=it"},"img":{"alt_text":"","src":"https:\/\/i0.wp.com\/www.fondazionekian.com\/wp-content\/uploads\/2017\/07\/vertice-ue-ucraina.jpg?fit=1000%2C541&ssl=1&resize=350%2C200","width":350,"height":200,"srcset":"https:\/\/i0.wp.com\/www.fondazionekian.com\/wp-content\/uploads\/2017\/07\/vertice-ue-ucraina.jpg?fit=1000%2C541&ssl=1&resize=350%2C200 1x, https:\/\/i0.wp.com\/www.fondazionekian.com\/wp-content\/uploads\/2017\/07\/vertice-ue-ucraina.jpg?fit=1000%2C541&ssl=1&resize=525%2C300 1.5x, https:\/\/i0.wp.com\/www.fondazionekian.com\/wp-content\/uploads\/2017\/07\/vertice-ue-ucraina.jpg?fit=1000%2C541&ssl=1&resize=700%2C400 2x"},"classes":[]},{"id":1065,"url":"https:\/\/www.fondazionekian.com\/?p=1065&lang=it","url_meta":{"origin":841,"position":3},"title":"Vertice dei Balcani occidentali 2017 a Trieste","author":"kian_admin","date":"19\/07\/2017","format":false,"excerpt":"Si \u00e8 tenuto a Trieste il vertice dei Balcani occidentali del 2017. E' stato un' occasione importante di collaborazione al rafforzamento di opportunit\u00e0 concrete promuovendo al contempo la cooperazione regionale nei Balcani, con l' obiettivo di costruire societ\u00e0 inclusive, ben governate ed economicamente prospere e portare cos\u00ec avanti anche il\u2026","rel":"","context":"In &quot;Notizie del giorno&quot;","block_context":{"text":"Notizie del giorno","link":"https:\/\/www.fondazionekian.com\/?cat=104&lang=it"},"img":{"alt_text":"","src":"","width":0,"height":0},"classes":[]},{"id":1143,"url":"https:\/\/www.fondazionekian.com\/?p=1143&lang=it","url_meta":{"origin":841,"position":4},"title":"Settimana del G7 sul lavoro e sull&#8217; occupazione a Torino","author":"kian_admin","date":"09\/10\/2017","format":false,"excerpt":"Si \u00e8 conclusa a Torino la riunione ministeriale del G7 dedicata al lavoro e all' occupazione. La discussione si \u00e8 concentrata sulle future politiche per il lavoro e l' occupazione con l' obiettivo di rendere pi\u00f9 forte e permanente la cooperazione tra i Paesi membri del G7 e rafforzarne il\u2026","rel":"","context":"In &quot;Notizie del giorno&quot;","block_context":{"text":"Notizie del giorno","link":"https:\/\/www.fondazionekian.com\/?cat=104&lang=it"},"img":{"alt_text":"","src":"https:\/\/i0.wp.com\/www.fondazionekian.com\/wp-content\/uploads\/2017\/10\/G7-ministerial-meeting-Turin-september-2017.png?fit=1200%2C600&ssl=1&resize=350%2C200","width":350,"height":200,"srcset":"https:\/\/i0.wp.com\/www.fondazionekian.com\/wp-content\/uploads\/2017\/10\/G7-ministerial-meeting-Turin-september-2017.png?fit=1200%2C600&ssl=1&resize=350%2C200 1x, https:\/\/i0.wp.com\/www.fondazionekian.com\/wp-content\/uploads\/2017\/10\/G7-ministerial-meeting-Turin-september-2017.png?fit=1200%2C600&ssl=1&resize=525%2C300 1.5x, https:\/\/i0.wp.com\/www.fondazionekian.com\/wp-content\/uploads\/2017\/10\/G7-ministerial-meeting-Turin-september-2017.png?fit=1200%2C600&ssl=1&resize=700%2C400 2x, https:\/\/i0.wp.com\/www.fondazionekian.com\/wp-content\/uploads\/2017\/10\/G7-ministerial-meeting-Turin-september-2017.png?fit=1200%2C600&ssl=1&resize=1050%2C600 3x"},"classes":[]},{"id":1223,"url":"https:\/\/www.fondazionekian.com\/?p=1223&lang=it","url_meta":{"origin":841,"position":5},"title":"Lancio dell&#8217; anno del turismo Unione europea-Cina 2018","author":"kian_admin","date":"22\/01\/2018","format":false,"excerpt":"Venerd\u00ec 19 Gennaio, \u00e8 stato lanciato l' anno del turismo Europa-Cina a Venezia. Questa iniziativa offre un'opportunit\u00e0 unica per aumentare il numero di visite, promuovere il turismo sostenibile, stimolare opportunit\u00e0 di investimento per l' Unione europea e la Cina e sostenere i negoziati in corso sull' agevolazione dei visti Europa-\u2026","rel":"","context":"In &quot;Notizie del giorno&quot;","block_context":{"text":"Notizie del giorno","link":"https:\/\/www.fondazionekian.com\/?cat=104&lang=it"},"img":{"alt_text":"","src":"","width":0,"height":0},"classes":[]}],"jetpack_likes_enabled":true,"_links":{"self":[{"href":"https:\/\/www.fondazionekian.com\/index.php?rest_route=\/wp\/v2\/posts\/841","targetHints":{"allow":["GET"]}}],"collection":[{"href":"https:\/\/www.fondazionekian.com\/index.php?rest_route=\/wp\/v2\/posts"}],"about":[{"href":"https:\/\/www.fondazionekian.com\/index.php?rest_route=\/wp\/v2\/types\/post"}],"author":[{"embeddable":true,"href":"https:\/\/www.fondazionekian.com\/index.php?rest_route=\/wp\/v2\/users\/1"}],"replies":[{"embeddable":true,"href":"https:\/\/www.fondazionekian.com\/index.php?rest_route=%2Fwp%2Fv2%2Fcomments&post=841"}],"version-history":[{"count":3,"href":"https:\/\/www.fondazionekian.com\/index.php?rest_route=\/wp\/v2\/posts\/841\/revisions"}],"predecessor-version":[{"id":844,"href":"https:\/\/www.fondazionekian.com\/index.php?rest_route=\/wp\/v2\/posts\/841\/revisions\/844"}],"wp:featuredmedia":[{"embeddable":true,"href":"https:\/\/www.fondazionekian.com\/index.php?rest_route=\/wp\/v2\/media\/845"}],"wp:attachment":[{"href":"https:\/\/www.fondazionekian.com\/index.php?rest_route=%2Fwp%2Fv2%2Fmedia&parent=841"}],"wp:term":[{"taxonomy":"category","embeddable":true,"href":"https:\/\/www.fondazionekian.com\/index.php?rest_route=%2Fwp%2Fv2%2Fcategories&post=841"},{"taxonomy":"post_tag","embeddable":true,"href":"https:\/\/www.fondazionekian.com\/index.php?rest_route=%2Fwp%2Fv2%2Ftags&post=841"}],"curies":[{"name":"wp","href":"https:\/\/api.w.org\/{rel}","templated":true}]}}