{"id":1666,"date":"2020-04-16T15:47:18","date_gmt":"2020-04-16T13:47:18","guid":{"rendered":"http:\/\/www.fondazionekian.com\/?p=1666"},"modified":"2020-04-16T15:47:22","modified_gmt":"2020-04-16T13:47:22","slug":"discorso-della-presidente-von-der-leyen-durante-la-sessione-plenaria-al-parlamento-europeo","status":"publish","type":"post","link":"https:\/\/www.fondazionekian.com\/?p=1666&lang=it","title":{"rendered":"Discorso della Presidente Von der Leyen durante la sessione plenaria al Parlamento europeo"},"content":{"rendered":"\n<blockquote class=\"wp-block-quote is-layout-flow wp-block-quote-is-layout-flow\"><p>Caro Presidente,<\/p><p>Onorevoli deputate e deputati,<\/p><p>non trovo le parole per rendere giustizia al dolore dell&#8217;Europa o a tutte le persone che soffrono nel Mondo.<\/p><p>Rivolgiamo i nostri pensieri e le nostre preghiere a tutte le famiglie in lutto. E ci ripromettiamo di raccontare le loro storie e di onorare le loro vite e la loro memoria<\/p><p>(&#8230;)<\/p><p>Onorevoli deputati,<\/p><p>non si pu\u00f2 sconfiggere una pandemia cos\u00ec rapida e di tale portata senza dire la verit\u00e0. La verit\u00e0 su tutto: sui numeri, sulla scienza, sulle previsioni, ma anche sulle nostre stesse azioni.<\/p><p>Si, \u00e8 vero: nessuno era davvero pronto per tutto questo.<\/p><p>E&#8217; anche vero che troppi non si sono resi disponibili per tempo quando l&#8217;Italia aveva bisogno di un aiuto nelle primissime fasi. E s\u00ec, per questo, \u00e8 giusto che l&#8217;Europa nel suo insieme porga le sue scuse pi\u00f9 sincere.<\/p><p>Ma scusarsi ha un valore solo se ci porta a modificare il nostro comportamento. Ed \u00e8 vero che non c&#8217;\u00e8 voluto molto prima che tutti capissero che \u00e8 solo proteggendoci a vicenda che possiamo proteggere noi stessi. Ed \u00e8 vero che l&#8217;Europa \u00e8 ora diventata il cuore pulsante della solidariet\u00e0 nel Mondo.<\/p><p>La vera Europa sta reagendo, pronta ad aiutare tutti nel momento del massimo bisogno. Il Continente dove gli operatori sanitari polacchi e i medici rumeni salvano vite in Italia. Dove ventilatori polmonari provenienti dalla Germania forniscono un&#8217;ancora di salvezza in Spagna. Dove gli Ospedali della Repubblica Ceca curano i malati provenienti dalla Francia. E dove pazienti di Bergamo vengono trasportati con voli speciali per essere curati nelle cliniche di Bonn.<\/p><p>Abbiamo visto forniture mediche inviate dalla Lituania alla Spagna e respiratori polmonari dalla Danimarca all&#8217;Italia. Di fatto abbiamo visto ogni tipo di attrezzatura viaggiare in ogni direzione in Europa, inviata da chi se ne poteva privare a chi ne aveva bisogno.<\/p><p>Tutto questo mi rende orgogliosa di essere europea.<\/p><p>Naturalmente c&#8217;\u00e8 ancora qualcuno che vuole puntare il dito o scaricare la colpa sugli altri. E c&#8217;\u00e8 chi preferisce fare discorsi populisti piuttosto che raccontare scomode verit\u00e0.<\/p><p>A tutto questo io dico basta.<\/p><p>Abbiate il coraggio di difendere l&#8217;Europa. Perch\u00e9 sar\u00e0 grazie alla nostra Unione se riusciremo a venirne fuori.<\/p><p>E dipende da come agiamo oggi se sar\u00e0 altrettanto forte domani.<\/p><p>Se cercate ispirazione, guardate i popoli d&#8217;Europa, a come sono uniti, con empatia, umilt\u00e0 e umanit\u00e0.<\/p><p>E&#8217; a tutti loro che rendo omaggio<\/p><p>(&#8230;)<\/p><p>Ma soprattutto ringrazio di cuore e rendo omaggio ai nostri eroi: ai medici, agli infermieri e agli assistenti sociali. Sono loro quelli con il volto segnato e gli occhi pieni di immagini tragiche. Sono loro che ci salvano la vita e l&#8217;onore. Sono loro che dobbiamo proteggere affinch\u00e9 ci possano proteggere<\/p><p>(&#8230;)<\/p><p>Oggi \u00e8 il momento in cui bisogna saper gettare via vecchi fardelli divenuti ingombranti, tenersi pronti al nuovo che sopraggiunge cos\u00ec diverso da tutto quello che si era immaginato.<\/p><p>Cari amici, quel momento \u00e8 sopraggiunto una volta di pi\u00f9. Il momento di lasciarci alle spalle vecchie divisioni, dispute e recriminazioni. Di uscire dalle nostre trincee. Il momento di prepararci per questo mondo nuovo.<\/p><p>(&#8230;)<\/p><p>Se oggi ci battiamo tutti per l&#8217;Europa, con coraggio, fiducia e solidariet\u00e0, so che domani lo spirito dell&#8217;Europa risplender\u00e0 come mai prima d&#8217;ora.<\/p><p>Viva l&#8217;Europa!<\/p><\/blockquote>\n","protected":false},"excerpt":{"rendered":"<p>Caro Presidente, Onorevoli deputate e deputati, non trovo le parole per rendere giustizia al dolore dell&#8217;Europa o a tutte le persone che soffrono nel Mondo. Rivolgiamo i nostri pensieri e le nostre preghiere a tutte le famiglie in lutto. E ci ripromettiamo di raccontare le loro storie e di onorare le loro vite e la <a href=\"https:\/\/www.fondazionekian.com\/?p=1666&#038;lang=it\" rel=\"nofollow\"><span class=\"sr-only\">Leggi di pi\u00f9Discorso della Presidente Von der Leyen durante la sessione plenaria al Parlamento europeo<\/span>[&hellip;]<\/a><\/p>\n","protected":false},"author":1,"featured_media":1672,"comment_status":"open","ping_status":"open","sticky":true,"template":"","format":"standard","meta":{"jetpack_post_was_ever_published":false,"_jetpack_newsletter_access":"","_jetpack_dont_email_post_to_subs":false,"_jetpack_newsletter_tier_id":0,"_jetpack_memberships_contains_paywalled_content":false,"_jetpack_memberships_contains_paid_content":false,"footnotes":"","jetpack_publicize_message":"","jetpack_publicize_feature_enabled":true,"jetpack_social_post_already_shared":true,"jetpack_social_options":{"image_generator_settings":{"template":"highway","default_image_id":0,"font":"","enabled":false},"version":2}},"categories":[104],"tags":[747,729,1571,1711,1165,710,1692],"class_list":["post-1666","post","type-post","status-publish","format-standard","has-post-thumbnail","hentry","category-daily-news-it","tag-europa","tag-italia","tag-mondo","tag-pandemia-coronavirus","tag-parlamento-europeo","tag-unione-europea","tag-ursula-von-der-leyen"],"jetpack_publicize_connections":[],"jetpack_featured_media_url":"https:\/\/i0.wp.com\/www.fondazionekian.com\/wp-content\/uploads\/2020\/04\/von-der-leyen.jpg?fit=273%2C185&ssl=1","jetpack_sharing_enabled":true,"jetpack_shortlink":"https:\/\/wp.me\/p7Eon2-qS","jetpack-related-posts":[{"id":1600,"url":"https:\/\/www.fondazionekian.com\/?p=1600&lang=it","url_meta":{"origin":1666,"position":0},"title":"Il Parlamento europeo ha eletto la Commissione Von Der Leyen","author":"kian_admin","date":"28\/11\/2019","format":false,"excerpt":"A seguito della conclusione delle audizioni, il Parlamento europeo ha approvato la nuova Commissione, presentata all' Assemblea Plenaria dalla Presidente eletta Ursula Von Der Leyen. Il nuovo collegio dei Commissari ha cos\u00ec ottenuto 461 voti a favore, 157 contrari e 89 astenuti. Risultati differenti dalla precedente Commissione Juncker che aveva\u2026","rel":"","context":"In &quot;Notizie del giorno&quot;","block_context":{"text":"Notizie del giorno","link":"https:\/\/www.fondazionekian.com\/?cat=104&lang=it"},"img":{"alt_text":"","src":"","width":0,"height":0},"classes":[]},{"id":1642,"url":"https:\/\/www.fondazionekian.com\/?p=1642&lang=it","url_meta":{"origin":1666,"position":1},"title":"Videoconferenza tra la Presidente europea Von Der Leyen ed il Presidente del Consiglio dei Ministri Conte","author":"kian_admin","date":"13\/03\/2020","format":false,"excerpt":"La Presidente Von Der Leyen, a seguito di una preliminare conversazione tenuta con il Presidente del Consiglio dei Ministri Giuseppe Conte nei giorni scorsi e la riunione straordinaria del Consiglio europeo svoltasi in videoconferenza, ha espresso apprezzamento per gli sforzi profusi dal Governo italiano, riconoscendo gli oneri sociali ed economici\u2026","rel":"","context":"In &quot;Notizie del giorno&quot;","block_context":{"text":"Notizie del giorno","link":"https:\/\/www.fondazionekian.com\/?cat=104&lang=it"},"img":{"alt_text":"","src":"","width":0,"height":0},"classes":[]},{"id":1653,"url":"https:\/\/www.fondazionekian.com\/?p=1653&lang=it","url_meta":{"origin":1666,"position":2},"title":"Orientamenti europei per le misure di frontiera per la protezione della salute e la disponibilit\u00e0 di beni e servizi essenziali","author":"kian_admin","date":"18\/03\/2020","format":false,"excerpt":"Questa settimana, l'Unione europea ha presentato agli Stati Membri le linee guida sulle misure di gestione delle frontiere europee connesse alla protezione della salute nel contesto dell'emergenza COVID-19. L'obiettivo \u00e8 proteggere la salute dei cittadini, garantire il giusto trattamento delle persone che devono viaggiare e continuare a garantire la disponibilit\u00e0\u2026","rel":"","context":"In &quot;Notizie del giorno&quot;","block_context":{"text":"Notizie del giorno","link":"https:\/\/www.fondazionekian.com\/?cat=104&lang=it"},"img":{"alt_text":"","src":"https:\/\/i0.wp.com\/www.fondazionekian.com\/wp-content\/uploads\/2020\/03\/download.jpg?fit=246%2C205&ssl=1&resize=350%2C200","width":350,"height":200},"classes":[]},{"id":1558,"url":"https:\/\/www.fondazionekian.com\/?p=1558&lang=it","url_meta":{"origin":1666,"position":3},"title":"Costituzione della 9\u00b0 legislatura del Parlamento europeo","author":"kian_admin","date":"09\/07\/2019","format":false,"excerpt":"E' cos\u00ec iniziata, il 2 Luglio scorso, la 9\u00b0 legislatura del Parlamento europeo con l'elezione del nuovo Presidente del parlamento europeo - David Sassoli. Tra i deputati - la cui percentuale di eletti per la prima volta \u00e8 pi\u00f9 alta delle precedenti legislature - 61% -, il 60% sono uomini,\u2026","rel":"","context":"In &quot;Notizie del giorno&quot;","block_context":{"text":"Notizie del giorno","link":"https:\/\/www.fondazionekian.com\/?cat=104&lang=it"},"img":{"alt_text":"","src":"","width":0,"height":0},"classes":[]},{"id":727,"url":"https:\/\/www.fondazionekian.com\/?p=727&lang=it","url_meta":{"origin":1666,"position":4},"title":"\u2026. Buon lavoro, Presidente!","author":"kian_admin","date":"05\/02\/2017","format":false,"excerpt":"18.01.2017 - elezioni presidenziali nel Parlamento europeo di Fabrizio Bertot La domanda \u00e8 naturale: ora, un deputato italiano siede in una delle tre istituzioni europee; sar\u00e0 il momento giusto per porre fine alla sottomissione all' \"eurotruppen\" per avviare un nuovo processo di ristrutturazione necessario per rovesciare tutto il sistema europeo\u2026","rel":"","context":"In &quot;Notizie del giorno&quot;","block_context":{"text":"Notizie del giorno","link":"https:\/\/www.fondazionekian.com\/?cat=104&lang=it"},"img":{"alt_text":"","src":"https:\/\/i0.wp.com\/www.fondazionekian.com\/wp-content\/uploads\/2017\/02\/234011146-4a887a2d-4bce-4d6f-b608-a03fe8bb3e3b.jpg?fit=560%2C315&ssl=1&resize=350%2C200","width":350,"height":200,"srcset":"https:\/\/i0.wp.com\/www.fondazionekian.com\/wp-content\/uploads\/2017\/02\/234011146-4a887a2d-4bce-4d6f-b608-a03fe8bb3e3b.jpg?fit=560%2C315&ssl=1&resize=350%2C200 1x, https:\/\/i0.wp.com\/www.fondazionekian.com\/wp-content\/uploads\/2017\/02\/234011146-4a887a2d-4bce-4d6f-b608-a03fe8bb3e3b.jpg?fit=560%2C315&ssl=1&resize=525%2C300 1.5x"},"classes":[]},{"id":1091,"url":"https:\/\/www.fondazionekian.com\/?p=1091&lang=it","url_meta":{"origin":1666,"position":5},"title":"Discorso del presidente Juncker sullo stato dell&#8217; Unione 2017","author":"kian_admin","date":"13\/09\/2017","format":false,"excerpt":"Il presidente della Commissione europea ha pronunciato dinanzi al Parlamento europeo il discorso sullo stato dell' Unione. Dopo l' ampio dibattito sul futuro dell' Europa che ha coinvolto i cittadini, il Parlamento europeo, i parlamentari nazionali, le autorit\u00e0 locali e regionali e la societ\u00e0 civile, il Presidente ha portato avanti\u2026","rel":"","context":"In &quot;Notizie del giorno&quot;","block_context":{"text":"Notizie del giorno","link":"https:\/\/www.fondazionekian.com\/?cat=104&lang=it"},"img":{"alt_text":"","src":"https:\/\/i0.wp.com\/www.fondazionekian.com\/wp-content\/uploads\/2017\/09\/presidente_juncker-parliament.jpg?fit=300%2C300&ssl=1&resize=350%2C200","width":350,"height":200},"classes":[]}],"jetpack_likes_enabled":true,"_links":{"self":[{"href":"https:\/\/www.fondazionekian.com\/index.php?rest_route=\/wp\/v2\/posts\/1666","targetHints":{"allow":["GET"]}}],"collection":[{"href":"https:\/\/www.fondazionekian.com\/index.php?rest_route=\/wp\/v2\/posts"}],"about":[{"href":"https:\/\/www.fondazionekian.com\/index.php?rest_route=\/wp\/v2\/types\/post"}],"author":[{"embeddable":true,"href":"https:\/\/www.fondazionekian.com\/index.php?rest_route=\/wp\/v2\/users\/1"}],"replies":[{"embeddable":true,"href":"https:\/\/www.fondazionekian.com\/index.php?rest_route=%2Fwp%2Fv2%2Fcomments&post=1666"}],"version-history":[{"count":3,"href":"https:\/\/www.fondazionekian.com\/index.php?rest_route=\/wp\/v2\/posts\/1666\/revisions"}],"predecessor-version":[{"id":1675,"href":"https:\/\/www.fondazionekian.com\/index.php?rest_route=\/wp\/v2\/posts\/1666\/revisions\/1675"}],"wp:featuredmedia":[{"embeddable":true,"href":"https:\/\/www.fondazionekian.com\/index.php?rest_route=\/wp\/v2\/media\/1672"}],"wp:attachment":[{"href":"https:\/\/www.fondazionekian.com\/index.php?rest_route=%2Fwp%2Fv2%2Fmedia&parent=1666"}],"wp:term":[{"taxonomy":"category","embeddable":true,"href":"https:\/\/www.fondazionekian.com\/index.php?rest_route=%2Fwp%2Fv2%2Fcategories&post=1666"},{"taxonomy":"post_tag","embeddable":true,"href":"https:\/\/www.fondazionekian.com\/index.php?rest_route=%2Fwp%2Fv2%2Ftags&post=1666"}],"curies":[{"name":"wp","href":"https:\/\/api.w.org\/{rel}","templated":true}]}}