{"id":1642,"date":"2020-03-13T16:10:51","date_gmt":"2020-03-13T15:10:51","guid":{"rendered":"http:\/\/www.fondazionekian.com\/?p=1642"},"modified":"2020-03-13T16:10:58","modified_gmt":"2020-03-13T15:10:58","slug":"videoconferenza-tra-la-presidente-europea-von-der-leyen-ed-il-presidente-del-consiglio-dei-ministri-conte","status":"publish","type":"post","link":"https:\/\/www.fondazionekian.com\/?p=1642&lang=it","title":{"rendered":"Videoconferenza tra la Presidente europea Von Der Leyen ed il Presidente del Consiglio dei Ministri Conte"},"content":{"rendered":"\n<p>La Presidente Von Der Leyen, a seguito di una preliminare conversazione tenuta con il Presidente del Consiglio dei Ministri Giuseppe Conte nei giorni scorsi e la riunione straordinaria del Consiglio europeo svoltasi in videoconferenza, ha espresso apprezzamento per gli sforzi profusi dal Governo italiano, riconoscendo gli oneri sociali ed economici che l&#8217;attuale crisi impone alla popolazione.<\/p>\n\n\n\n<p>E&#8217; stato uno scambio di opinioni sui risultati della teleconferenza del Consiglio europeo e sugli orientamenti che l&#8217;Europa intende adottare entro la fine di questa settimana, in particolare sulle modalit\u00e0 di applicazione della flessibilit\u00e0 nel contesto del patto di stabilit\u00e0 e crescita e sulla concessione di aiuti di Stato<\/p>\n\n\n\n<p>I due leader hanno cos\u00ec concordato sul fatto che:<\/p>\n\n\n\n<ul class=\"wp-block-list\"><li>il Coronavirus \u00e8 una crisi mondiale ed europea che richiede solidariet\u00e0 e una risposta forte e coordinata a livello europeo<\/li><li>l&#8217;Italia \u00e8 attualmente in prima linea nella battaglia per contenere la diffusione del virus in Europa e deve far fronte nell&#8217;immediato a conseguenze di natura sanitaria, sociale ed economica<\/li><li>le azioni adottate dai singoli Stati Membri hanno ripercussioni sul resto dell&#8217;Unione europea<\/li><li>l&#8217;importanza di agire rapidamente nella condivisione di tutte le pertinenti informazioni relative alla diffusione del virus e alle misure adottate<\/li><li>la costituzione di un gruppo europeo ad hoc di scienziati che contribuiscano a coordinare gli sforzi e ad armonizzare gli interventi<\/li><li>potenziare l&#8217;impegno nell&#8217;ambito della ricerca<\/li><li>coordinare la produzione e la distribuzione di attrezzature mediche e prodotti farmaceutici ed esortare a discutere preliminarmente a livello europeo qualsiasi misura restrittiva degli Stati membri per fars\u00ec che le forniture essenziali giungano dove siano pi\u00f9 necessarie, il mercato interno funzioni correttamente e sia evitato qualsiasi ostacolo ingiustificato<\/li><\/ul>\n\n\n\n<p>Il Presidente Conte dal canto suo ha accolto con favore l&#8217;impegno della Presidente Von Der Leyen ad agire immediatamente, senza esitazioni e con misure adeguate. Ha altres\u00ec espresso apprezzamento per la disponibilit\u00e0 dell&#8217;Europa ad esaminare le richieste italiane con spirito aperto e costruttivo.<\/p>\n\n\n\n<p>L&#8217;esperienza maturata in Italia deve servire da insegnamento per orientare le politiche europee<\/p>\n\n\n\n<p>Fonte: Unione europea<\/p>\n\n\n\n<p><\/p>\n","protected":false},"excerpt":{"rendered":"<p>La Presidente Von Der Leyen, a seguito di una preliminare conversazione tenuta con il Presidente del Consiglio dei Ministri Giuseppe Conte nei giorni scorsi e la riunione straordinaria del Consiglio europeo svoltasi in videoconferenza, ha espresso apprezzamento per gli sforzi profusi dal Governo italiano, riconoscendo gli oneri sociali ed economici che l&#8217;attuale crisi impone alla <a href=\"https:\/\/www.fondazionekian.com\/?p=1642&#038;lang=it\" rel=\"nofollow\"><span class=\"sr-only\">Leggi di pi\u00f9Videoconferenza tra la Presidente europea Von Der Leyen ed il Presidente del Consiglio dei Ministri Conte<\/span>[&hellip;]<\/a><\/p>\n","protected":false},"author":1,"featured_media":1644,"comment_status":"open","ping_status":"open","sticky":true,"template":"","format":"standard","meta":{"jetpack_post_was_ever_published":false,"_jetpack_newsletter_access":"","_jetpack_dont_email_post_to_subs":false,"_jetpack_newsletter_tier_id":0,"_jetpack_memberships_contains_paywalled_content":false,"_jetpack_memberships_contains_paid_content":false,"footnotes":"","jetpack_publicize_message":"","jetpack_publicize_feature_enabled":true,"jetpack_social_post_already_shared":true,"jetpack_social_options":{"image_generator_settings":{"template":"highway","default_image_id":0,"font":"","enabled":false},"version":2}},"categories":[104],"tags":[1701,1698,1699,747,729,1702,710,1700],"class_list":["post-1642","post","type-post","status-publish","format-standard","has-post-thumbnail","hentry","category-daily-news-it","tag-conte","tag-coronavirus","tag-covid-19","tag-europa","tag-italia","tag-presidente-del-consiglio-dei-ministri","tag-unione-europea","tag-von-der-leyen"],"jetpack_publicize_connections":[],"jetpack_featured_media_url":"https:\/\/i0.wp.com\/www.fondazionekian.com\/wp-content\/uploads\/2020\/03\/Von-Der-Leyen-Conte.jpg?fit=275%2C183&ssl=1","jetpack_sharing_enabled":true,"jetpack_shortlink":"https:\/\/wp.me\/p7Eon2-qu","jetpack-related-posts":[{"id":1600,"url":"https:\/\/www.fondazionekian.com\/?p=1600&lang=it","url_meta":{"origin":1642,"position":0},"title":"Il Parlamento europeo ha eletto la Commissione Von Der Leyen","author":"kian_admin","date":"28\/11\/2019","format":false,"excerpt":"A seguito della conclusione delle audizioni, il Parlamento europeo ha approvato la nuova Commissione, presentata all' Assemblea Plenaria dalla Presidente eletta Ursula Von Der Leyen. Il nuovo collegio dei Commissari ha cos\u00ec ottenuto 461 voti a favore, 157 contrari e 89 astenuti. Risultati differenti dalla precedente Commissione Juncker che aveva\u2026","rel":"","context":"In &quot;Notizie del giorno&quot;","block_context":{"text":"Notizie del giorno","link":"https:\/\/www.fondazionekian.com\/?cat=104&lang=it"},"img":{"alt_text":"","src":"","width":0,"height":0},"classes":[]},{"id":1666,"url":"https:\/\/www.fondazionekian.com\/?p=1666&lang=it","url_meta":{"origin":1642,"position":1},"title":"Discorso della Presidente Von der Leyen durante la sessione plenaria al Parlamento europeo","author":"kian_admin","date":"16\/04\/2020","format":false,"excerpt":"Caro Presidente,Onorevoli deputate e deputati,non trovo le parole per rendere giustizia al dolore dell'Europa o a tutte le persone che soffrono nel Mondo.Rivolgiamo i nostri pensieri e le nostre preghiere a tutte le famiglie in lutto. E ci ripromettiamo di raccontare le loro storie e di onorare le loro vite\u2026","rel":"","context":"In &quot;Notizie del giorno&quot;","block_context":{"text":"Notizie del giorno","link":"https:\/\/www.fondazionekian.com\/?cat=104&lang=it"},"img":{"alt_text":"","src":"","width":0,"height":0},"classes":[]},{"id":1653,"url":"https:\/\/www.fondazionekian.com\/?p=1653&lang=it","url_meta":{"origin":1642,"position":2},"title":"Orientamenti europei per le misure di frontiera per la protezione della salute e la disponibilit\u00e0 di beni e servizi essenziali","author":"kian_admin","date":"18\/03\/2020","format":false,"excerpt":"Questa settimana, l'Unione europea ha presentato agli Stati Membri le linee guida sulle misure di gestione delle frontiere europee connesse alla protezione della salute nel contesto dell'emergenza COVID-19. L'obiettivo \u00e8 proteggere la salute dei cittadini, garantire il giusto trattamento delle persone che devono viaggiare e continuare a garantire la disponibilit\u00e0\u2026","rel":"","context":"In &quot;Notizie del giorno&quot;","block_context":{"text":"Notizie del giorno","link":"https:\/\/www.fondazionekian.com\/?cat=104&lang=it"},"img":{"alt_text":"","src":"https:\/\/i0.wp.com\/www.fondazionekian.com\/wp-content\/uploads\/2020\/03\/download.jpg?fit=246%2C205&ssl=1&resize=350%2C200","width":350,"height":200},"classes":[]},{"id":1223,"url":"https:\/\/www.fondazionekian.com\/?p=1223&lang=it","url_meta":{"origin":1642,"position":3},"title":"Lancio dell&#8217; anno del turismo Unione europea-Cina 2018","author":"kian_admin","date":"22\/01\/2018","format":false,"excerpt":"Venerd\u00ec 19 Gennaio, \u00e8 stato lanciato l' anno del turismo Europa-Cina a Venezia. Questa iniziativa offre un'opportunit\u00e0 unica per aumentare il numero di visite, promuovere il turismo sostenibile, stimolare opportunit\u00e0 di investimento per l' Unione europea e la Cina e sostenere i negoziati in corso sull' agevolazione dei visti Europa-\u2026","rel":"","context":"In &quot;Notizie del giorno&quot;","block_context":{"text":"Notizie del giorno","link":"https:\/\/www.fondazionekian.com\/?cat=104&lang=it"},"img":{"alt_text":"","src":"","width":0,"height":0},"classes":[]},{"id":399,"url":"https:\/\/www.fondazionekian.com\/?p=399&lang=it","url_meta":{"origin":1642,"position":4},"title":"Il Presidente della Commissione europea impegnato nella cerimonia di premiazione per il premio europeo &#8220;Carlo Magno&#8221; a Papa Francesco","author":"kian_admin","date":"29\/04\/2016","format":false,"excerpt":"Venerd\u00ec 6 maggio in Vaticano, il Presidente della Commissione europea si unir\u00e0 al Presidente del Parlamento europeo e al Presidente del Consiglio europeo alla cerimonia per il premio europeo Carlo Magno a sua santit\u00e0, Papa Francesco. L'evento si svolger\u00e0 nella Sala Regia della residenza ufficiale del Papa, dove i tre\u2026","rel":"","context":"In &quot;Notizie del giorno&quot;","block_context":{"text":"Notizie del giorno","link":"https:\/\/www.fondazionekian.com\/?cat=104&lang=it"},"img":{"alt_text":"","src":"","width":0,"height":0},"classes":[]},{"id":575,"url":"https:\/\/www.fondazionekian.com\/?p=575&lang=it","url_meta":{"origin":1642,"position":5},"title":"La lettera dal Presidente della Commissione europea e dal Presidente del Consiglio europeo al Presidente neo-eletto Mr. Donald Trump J.","author":"kian_admin","date":"11\/11\/2016","format":false,"excerpt":"Dopo il risultato delle elezioni presidenziali statunitensi, il Presidente della Commissione europea ed il Presidente del Consiglio europeo hanno inviato una lettera di congratulazioni al Presidente neo-eletto Trump. \"Estendiamo le nostre sentite congratulazioni per l' elezione del 45 \u00b0 Presidente degli Stati Uniti d'America. Il partenariato strategico tra l'Unione europea\u2026","rel":"","context":"In &quot;Notizie del giorno&quot;","block_context":{"text":"Notizie del giorno","link":"https:\/\/www.fondazionekian.com\/?cat=104&lang=it"},"img":{"alt_text":"","src":"https:\/\/i0.wp.com\/www.fondazionekian.com\/wp-content\/uploads\/2016\/11\/presidential-seal.jpg?fit=1024%2C861&ssl=1&resize=350%2C200","width":350,"height":200,"srcset":"https:\/\/i0.wp.com\/www.fondazionekian.com\/wp-content\/uploads\/2016\/11\/presidential-seal.jpg?fit=1024%2C861&ssl=1&resize=350%2C200 1x, https:\/\/i0.wp.com\/www.fondazionekian.com\/wp-content\/uploads\/2016\/11\/presidential-seal.jpg?fit=1024%2C861&ssl=1&resize=525%2C300 1.5x, https:\/\/i0.wp.com\/www.fondazionekian.com\/wp-content\/uploads\/2016\/11\/presidential-seal.jpg?fit=1024%2C861&ssl=1&resize=700%2C400 2x"},"classes":[]}],"jetpack_likes_enabled":true,"_links":{"self":[{"href":"https:\/\/www.fondazionekian.com\/index.php?rest_route=\/wp\/v2\/posts\/1642","targetHints":{"allow":["GET"]}}],"collection":[{"href":"https:\/\/www.fondazionekian.com\/index.php?rest_route=\/wp\/v2\/posts"}],"about":[{"href":"https:\/\/www.fondazionekian.com\/index.php?rest_route=\/wp\/v2\/types\/post"}],"author":[{"embeddable":true,"href":"https:\/\/www.fondazionekian.com\/index.php?rest_route=\/wp\/v2\/users\/1"}],"replies":[{"embeddable":true,"href":"https:\/\/www.fondazionekian.com\/index.php?rest_route=%2Fwp%2Fv2%2Fcomments&post=1642"}],"version-history":[{"count":1,"href":"https:\/\/www.fondazionekian.com\/index.php?rest_route=\/wp\/v2\/posts\/1642\/revisions"}],"predecessor-version":[{"id":1643,"href":"https:\/\/www.fondazionekian.com\/index.php?rest_route=\/wp\/v2\/posts\/1642\/revisions\/1643"}],"wp:featuredmedia":[{"embeddable":true,"href":"https:\/\/www.fondazionekian.com\/index.php?rest_route=\/wp\/v2\/media\/1644"}],"wp:attachment":[{"href":"https:\/\/www.fondazionekian.com\/index.php?rest_route=%2Fwp%2Fv2%2Fmedia&parent=1642"}],"wp:term":[{"taxonomy":"category","embeddable":true,"href":"https:\/\/www.fondazionekian.com\/index.php?rest_route=%2Fwp%2Fv2%2Fcategories&post=1642"},{"taxonomy":"post_tag","embeddable":true,"href":"https:\/\/www.fondazionekian.com\/index.php?rest_route=%2Fwp%2Fv2%2Ftags&post=1642"}],"curies":[{"name":"wp","href":"https:\/\/api.w.org\/{rel}","templated":true}]}}